{"id":8839,"date":"2023-05-14T21:52:20","date_gmt":"2023-05-14T21:52:20","guid":{"rendered":"https:\/\/www.inversionesynegociosconecta.com\/conecta\/?p=8839"},"modified":"2023-05-14T21:52:20","modified_gmt":"2023-05-14T21:52:20","slug":"panama-atrae-interes-de-inversionistas-extranjeros-en-reunion-mundial-de-zonas-francas","status":"publish","type":"post","link":"https:\/\/www.inversionesynegociosconecta.com\/conecta\/panama-atrae-interes-de-inversionistas-extranjeros-en-reunion-mundial-de-zonas-francas\/","title":{"rendered":"Panam\u00e1 atrae inter\u00e9s de inversionistas extranjeros en reuni\u00f3n mundial de zonas francas"},"content":{"rendered":"<p>El viceministro de Comercio Exterior, Juan Carlos Sosa, y la directora general de Zonas Francas del Ministerio de Comercio e Industrias (MICI), \u00c1mbar Ruiz Chaper\u00f3n, participaron de m\u00faltiples reuniones con los tomadores de decisiones de la Asociaci\u00f3n Internacional de Zonas Francas (IFZA, por sus siglas en ingl\u00e9s) establecida en Dub\u00e1i, Emiratos \u00c1rabes Unidos, quienes han manifestado formalmente su intenci\u00f3n de replicar en Panam\u00e1 su modelo de zona franca.<\/p>\n<p>Las reuniones se dieron en el marco de la 9\u00aa edici\u00f3n del Congreso Mundial de Zonas Francas (AICE 2023), organizado por la Organizaci\u00f3n Mundial de Zonas Francas (WFZO)<\/p>\n<p>En los encuentros, el presidente de IFZA, Mart\u00edn Pedersen, reafirm\u00f3 que prev\u00e9n aprovechar las ventajas geogr\u00e1ficas naturales de Panam\u00e1 para desarrollar una zona de libre comercio, la cual se convertir\u00eda en un catalizador importante para aumentar la IED en Panam\u00e1 y aumentar el empleo.<\/p>\n<p>\u201cHemos trabajado previamente en identificar grupos empresariales con la capacidad suficiente para internacionalizarse y, luego de ese filtro, se van teniendo reuniones t\u00e9cnicas, a fin de dar a conocer las oportunidades que brinda Panam\u00e1 bajo la estructura de un r\u00e9gimen econ\u00f3mico especial, de manera tal que dejemos claro porqu\u00e9 el pa\u00eds es la mejor opci\u00f3n para ellos\u201d, indic\u00f3 el viceministro Sosa.<\/p>\n<p>IFZA es una zona franca reconocida por su comunidad internacional altamente din\u00e1mica en Emiratos \u00c1rabes Unidos, ya que se desempe\u00f1a como facilitador y propulsor de negocios. En 5 a\u00f1os, ha logrado establecer m\u00e1s de 28 mil empresas con un alto componente de servicios y peque\u00f1as y medianas empresas (Pymes).<\/p>\n<p>\u201cEs de exaltar el trabajo realizado por la WFZO, a partir de la celebraci\u00f3n de un Memor\u00e1ndum de Entendimiento con el MICI hace menos de un a\u00f1o, ya que ha puesto en marcha la articulaci\u00f3n de actores internacionales, y ello ha dado como primer resultado la emisi\u00f3n de una carta de intenci\u00f3n de IFZA para operar en Panam\u00e1\u00bb, agreg\u00f3 Sosa.<\/p>\n<p><strong>AICE 2023<\/strong><\/p>\n<p>Como parte de la agenda comercial en Dub\u00e1i, el viceministro Sosa y la directora de Zonas Francas del MICI participaron activamente en las sesiones de trabajo de AICE 2023, bajo el lema \u201cEl papel de los gobiernos en el desarrollo de zonas francas y la mejora de su desempe\u00f1o\u201d, el cual cont\u00f3 con la asistencia de autoridades de Armenia, Afganist\u00e1n, Colombia, Curazao, Emiratos \u00c1rabes Unidos, Espa\u00f1a, Filipinas, Ghana, Jamaica, Libia, Nigeria, Rep\u00fablica Dominicana, T\u00fanez y Uganda.<\/p>\n<p>Durante estas sesiones se habl\u00f3 de pol\u00edticas p\u00fablicas estrat\u00e9gicas para fortalecer las zonas francas y mejorar su competitividad.<\/p>\n<p>En la \u00faltima d\u00e9cada, las zonas francas se han expandido en cantidad, tama\u00f1o e importancia. Hoy en d\u00eda, existen m\u00e1s de 7,000 zonas en diferentes formas en todo el mundo, cuyo crecimiento est\u00e1 generando m\u00e1s oportunidades de trabajo y contribuyendo m\u00e1s a la econom\u00eda global, de acuerdo con un comunicado de la World Free Zone Organization (WFZO), organizadora del Congreso.<\/p>\n<p>El documento agrega que las zonas francas tambi\u00e9n est\u00e1n evolucionando y ascendiendo en la cadena de valor, dado que muchas de ellas ya no se limitan a las industrias tradicionales de uso intensivo de mano de obra, y han pasado a actividades de alta tecnolog\u00eda y basadas en el conocimiento. La expansi\u00f3n a las industrias basadas en tecnolog\u00eda, la banca y las finanzas, la atenci\u00f3n m\u00e9dica, la tecnolog\u00eda financiera, la tecnolog\u00eda alimentaria, la acuicultura, la agricultura vertical, el comercio electr\u00f3nico y la investigaci\u00f3n cient\u00edfica ha cambiado el panorama del empleo en dichas zonas, teniendo como resultado oportunidades de trabajo altamente sofisticadas para las generaciones futuras.<\/p>\n<article id=\"post-8820\" class=\"tk-theme-box post-8820 post type-post status-publish format-standard has-post-thumbnail hentry category-actualidad category-inversiones tag-inversiones-sem-alcanzan-los-13-5-millones-en-los-primeros-5-meses-de-2023\">\n<div class=\"expertio-entry-content\">\n<p>Fuente: Ministerio de Comercio e Industrias Panam\u00e1<\/p>\n<\/div>\n<\/article>\n","protected":false},"excerpt":{"rendered":"<p>El viceministro de Comercio Exterior, Juan Carlos Sosa, y la directora general de Zonas Francas del Ministerio de Comercio e Industrias (MICI),<\/p>\n","protected":false},"author":1,"featured_media":8840,"comment_status":"open","ping_status":"open","sticky":false,"template":"","format":"standard","meta":{"footnotes":""},"categories":[128,129,127,125,126],"tags":[137,138,139],"class_list":["post-8839","post","type-post","status-publish","format-standard","has-post-thumbnail","hentry","category-actualidad","category-eventos","category-internacional","category-inversiones","category-negocios","tag-inversiones-zonas-francas-panama","tag-panama-atrae-interes-de-inversionistas-extranjeros","tag-reunion-mundial-de-zonas-francas"],"_links":{"self":[{"href":"https:\/\/www.inversionesynegociosconecta.com\/conecta\/wp-json\/wp\/v2\/posts\/8839","targetHints":{"allow":["GET"]}}],"collection":[{"href":"https:\/\/www.inversionesynegociosconecta.com\/conecta\/wp-json\/wp\/v2\/posts"}],"about":[{"href":"https:\/\/www.inversionesynegociosconecta.com\/conecta\/wp-json\/wp\/v2\/types\/post"}],"author":[{"embeddable":true,"href":"https:\/\/www.inversionesynegociosconecta.com\/conecta\/wp-json\/wp\/v2\/users\/1"}],"replies":[{"embeddable":true,"href":"https:\/\/www.inversionesynegociosconecta.com\/conecta\/wp-json\/wp\/v2\/comments?post=8839"}],"version-history":[{"count":1,"href":"https:\/\/www.inversionesynegociosconecta.com\/conecta\/wp-json\/wp\/v2\/posts\/8839\/revisions"}],"predecessor-version":[{"id":8841,"href":"https:\/\/www.inversionesynegociosconecta.com\/conecta\/wp-json\/wp\/v2\/posts\/8839\/revisions\/8841"}],"wp:featuredmedia":[{"embeddable":true,"href":"https:\/\/www.inversionesynegociosconecta.com\/conecta\/wp-json\/wp\/v2\/media\/8840"}],"wp:attachment":[{"href":"https:\/\/www.inversionesynegociosconecta.com\/conecta\/wp-json\/wp\/v2\/media?parent=8839"}],"wp:term":[{"taxonomy":"category","embeddable":true,"href":"https:\/\/www.inversionesynegociosconecta.com\/conecta\/wp-json\/wp\/v2\/categories?post=8839"},{"taxonomy":"post_tag","embeddable":true,"href":"https:\/\/www.inversionesynegociosconecta.com\/conecta\/wp-json\/wp\/v2\/tags?post=8839"}],"curies":[{"name":"wp","href":"https:\/\/api.w.org\/{rel}","templated":true}]}}