{"id":8836,"date":"2023-05-14T21:50:21","date_gmt":"2023-05-14T21:50:21","guid":{"rendered":"https:\/\/www.inversionesynegociosconecta.com\/conecta\/?p=8836"},"modified":"2023-05-14T21:50:21","modified_gmt":"2023-05-14T21:50:21","slug":"mici-continua-con-la-hoja-de-ruta-del-pnrs-publico-privado-2020-2030","status":"publish","type":"post","link":"https:\/\/www.inversionesynegociosconecta.com\/conecta\/mici-continua-con-la-hoja-de-ruta-del-pnrs-publico-privado-2020-2030\/","title":{"rendered":"MICI contin\u00faa con la hoja de ruta del PNRS P\u00fablico Privado 2020-2030"},"content":{"rendered":"<p>Ratificando su compromiso con la consecuci\u00f3n del Plan Nacional de Responsabilidad Social (PNRS) P\u00fablico privado y derechos humanos 2020 \u2013 2030 el Ministerio de Comercio e Industrias (MICI), a trav\u00e9s de la Secretar\u00eda General, realiz\u00f3 seminarios y capacitaciones en materia de las buenas pr\u00e1cticas para la Gobernanza, ISO 26000 dirigidos a los integrantes de las mesas de trabajo.<\/p>\n<p>Omar Bazan, Secretario General del MICI manifest\u00f3 la importante labor que se est\u00e1 realizando en cada una de las mesas de implementaci\u00f3n para formar, introducir y nivelar conceptos necesarios para el desarrollo integral del Plan Nacional desde su triple dimensi\u00f3n social, ambiental y de buen gobierno.<\/p>\n<p>Este compromiso y responsabilidad, no solo redunda en una mejora para la sociedad y el medio ambiente, sino que tambi\u00e9n tiene un impacto en la competitividad y la eficacia de las organizaciones y sus trabajadores contribuyendo al desarrollo sostenible del pa\u00eds y, por ende, a una sociedad m\u00e1s pr\u00f3spera, equitativa, solidaria y justa a\u00f1adi\u00f3, Bazan.<\/p>\n<p>Por ello el MICI reafirma el compromiso que tiene la instituci\u00f3n de constituirse en facilitador del desarrollo econ\u00f3mico nacional con una visi\u00f3n social, adem\u00e1s de ser los regentes de la Norma ISO 26000 en materia de Responsabilidad Social Empresarial (RSE).<\/p>\n<p>En este contexto el presente Plan Nacional de Responsabilidad Social P\u00fablico Privada y Derechos humanos, contin\u00faa con la misi\u00f3n de acelerar la acci\u00f3n del Gobierno en la consecuci\u00f3n de los ODS a partir de la definici\u00f3n de un marco que impulse las l\u00edneas de trabajo y de lugar a nuevas \u00e1reas de acci\u00f3n para posicionar a Panam\u00e1 como un pa\u00eds inclusivo, competitivo, y sostenible con el esfuerzo conjunto y la colaboraci\u00f3n de todos los grupos de inter\u00e9s y de empresa publico privada.<\/p>\n<p>El MICI da seguimiento a \u00e9l Plan Nacional de Responsabilidad Social P\u00fablico Privada y Derechos humanos 2020-230 con la misi\u00f3n de acelerar la acci\u00f3n del Gobierno en la consecuci\u00f3n de los ODS, a partir de la definici\u00f3n de un marco que impulse las l\u00edneas de trabajo y de lugar a nuevas \u00e1reas de acci\u00f3n.<\/p>\n<article id=\"post-8820\" class=\"tk-theme-box post-8820 post type-post status-publish format-standard has-post-thumbnail hentry category-actualidad category-inversiones tag-inversiones-sem-alcanzan-los-13-5-millones-en-los-primeros-5-meses-de-2023\">\n<div class=\"expertio-entry-content\">\n<p>Fuente: Ministerio de Comercio e Industrias Panam\u00e1<\/p>\n<\/div>\n<\/article>\n","protected":false},"excerpt":{"rendered":"<p>Ratificando su compromiso con la consecuci\u00f3n del Plan Nacional de Responsabilidad Social (PNRS) P\u00fablico privado y derechos humanos 2020 \u2013 2030 el<\/p>\n","protected":false},"author":1,"featured_media":8837,"comment_status":"open","ping_status":"open","sticky":false,"template":"","format":"standard","meta":{"footnotes":""},"categories":[128,125,126],"tags":[136],"class_list":["post-8836","post","type-post","status-publish","format-standard","has-post-thumbnail","hentry","category-actualidad","category-inversiones","category-negocios","tag-pnrs-publico-privado-2020-2030"],"_links":{"self":[{"href":"https:\/\/www.inversionesynegociosconecta.com\/conecta\/wp-json\/wp\/v2\/posts\/8836","targetHints":{"allow":["GET"]}}],"collection":[{"href":"https:\/\/www.inversionesynegociosconecta.com\/conecta\/wp-json\/wp\/v2\/posts"}],"about":[{"href":"https:\/\/www.inversionesynegociosconecta.com\/conecta\/wp-json\/wp\/v2\/types\/post"}],"author":[{"embeddable":true,"href":"https:\/\/www.inversionesynegociosconecta.com\/conecta\/wp-json\/wp\/v2\/users\/1"}],"replies":[{"embeddable":true,"href":"https:\/\/www.inversionesynegociosconecta.com\/conecta\/wp-json\/wp\/v2\/comments?post=8836"}],"version-history":[{"count":1,"href":"https:\/\/www.inversionesynegociosconecta.com\/conecta\/wp-json\/wp\/v2\/posts\/8836\/revisions"}],"predecessor-version":[{"id":8838,"href":"https:\/\/www.inversionesynegociosconecta.com\/conecta\/wp-json\/wp\/v2\/posts\/8836\/revisions\/8838"}],"wp:featuredmedia":[{"embeddable":true,"href":"https:\/\/www.inversionesynegociosconecta.com\/conecta\/wp-json\/wp\/v2\/media\/8837"}],"wp:attachment":[{"href":"https:\/\/www.inversionesynegociosconecta.com\/conecta\/wp-json\/wp\/v2\/media?parent=8836"}],"wp:term":[{"taxonomy":"category","embeddable":true,"href":"https:\/\/www.inversionesynegociosconecta.com\/conecta\/wp-json\/wp\/v2\/categories?post=8836"},{"taxonomy":"post_tag","embeddable":true,"href":"https:\/\/www.inversionesynegociosconecta.com\/conecta\/wp-json\/wp\/v2\/tags?post=8836"}],"curies":[{"name":"wp","href":"https:\/\/api.w.org\/{rel}","templated":true}]}}