{"id":8833,"date":"2023-05-14T21:48:08","date_gmt":"2023-05-14T21:48:08","guid":{"rendered":"https:\/\/www.inversionesynegociosconecta.com\/conecta\/?p=8833"},"modified":"2023-05-14T21:48:08","modified_gmt":"2023-05-14T21:48:08","slug":"fortaleciendo-la-competitividad-de-las-mipymes","status":"publish","type":"post","link":"https:\/\/www.inversionesynegociosconecta.com\/conecta\/fortaleciendo-la-competitividad-de-las-mipymes\/","title":{"rendered":"Fortaleciendo la competitividad de las MiPyMes"},"content":{"rendered":"<p>Con el prop\u00f3sito de aumentar la competitividad de las micro, peque\u00f1as y medianas empresas paname\u00f1as, a trav\u00e9s de la capacitaci\u00f3n y desarrollo de habilidades relacionadas al comercio electr\u00f3nico, la direcci\u00f3n general de comercio electr\u00f3nico del Ministerio de Comercio e Industrias (MICI) ha puesto en marcha una serie de proyectos durante el 2022 y 2023, manifest\u00f3 Luis Ayala, director General de Comercio Electr\u00f3nico.<\/p>\n<p>Manifest\u00f3 que entre los proyectos destacan:<\/p>\n<p>\u201cEmprendedor Digital\u201d, este programa busca fortalecer la competitividad de las MIPYMES participantes a trav\u00e9s de la capacitaci\u00f3n, desarrollo de habilidades y nuevas herramientas relacionadas al comercio electr\u00f3nico, con el fin de que logren una mayor participaci\u00f3n en el mercado local e internacional.\u00a0 Su primera edici\u00f3n se lanz\u00f3 en el a\u00f1o 2022 y benefici\u00f3 a veinticinco (25) Mipymes y las que han mostrado resultados muy alentadores en cuanto al crecimiento de sus ventas y una mayor exposici\u00f3n en el mercado local.<\/p>\n<p>En abril de 2023, se lanz\u00f3 la segunda Edici\u00f3n de Emprendedor Digital con una participaci\u00f3n de m\u00e1s de 150 aspirantes. En su segunda edici\u00f3n se seleccionar\u00e1n a 30 empresas.<\/p>\n<p>Programa de capacitaci\u00f3n DGCE \u201cEmprendiendo en el Comercio Electr\u00f3nico\u201d apoyando las MIPYMES\/Nuevos Emprendedores, a trav\u00e9s de este programa de capacitaci\u00f3n mantiene el objetivo de impulsar la incursi\u00f3n del sector de las MiPyMes y emprendedores en este nuevo modelo de negocio que brinda el comercio electr\u00f3nico.<\/p>\n<p>A la fecha se han realizado tres temporadas de estas capacitaciones a trav\u00e9s de webinars, logrando impactar a m\u00e1s de 9,500 interesados.<\/p>\n<p>La cuarta temporada de este programa de capacitaciones iniciar\u00e1 en el mes de junio 2023.<\/p>\n<p>La DGCE pone a disposici\u00f3n de todos los interesados la Plataforma \u201cSAR-DGCE \u2013 Sistema de Administraci\u00f3n de Registro Direcci\u00f3n General de Comercio Electr\u00f3nico\u201d, para el Registro de Auditores, Almacenadores y Prestadores para el almacenamiento tecnol\u00f3gico de documentos con la finalidad de darle el valor legal probatoria a los documentos electr\u00f3nicos en Panam\u00e1 seg\u00fan se establece en la ley 51 de 2008.<\/p>\n<p>De igual manera est\u00e1 la Plataforma \u201cSEE-DGCE \u2013 Sistema de Encuesta y Estad\u00edsticas DGCE\u201d- para el monitoreo y estad\u00edsticas del Comercio Electr\u00f3nico en Panam\u00e1, el cual servir\u00e1 como herramienta de apoyo en la gesti\u00f3n de promover y fortalecer los diferentes sectores productivos del pa\u00eds en el uso de las nuevas tecnolog\u00edas y su incursi\u00f3n en el comercio digital.<\/p>\n<p>El pasado 11 de abril lanzamos el proyecto ARTESANO DIGITAL, el cual busca fortalecer a los artesanos paname\u00f1os, para impulsar y fomentar el uso de herramientas tecnol\u00f3gicas, crear habilidades digitales y promover su incursi\u00f3n en las ventas por internet, en un esfuerzo interinstitucional entre el Ministerio de Comercio e Industrias (MICI), Ministerio de Cultura (MiCultura) y la Autoridad de Innovaci\u00f3n Gubernamental (AIG).<\/p>\n<p>Continuamos con el Proyecto de Mejora a la Ley 51 de julio del 2008, \u00abQue define y regula los documentos electr\u00f3nicos y las firmas electr\u00f3nicas y la prestaci\u00f3n de servicios de almacenamiento tecnol\u00f3gico de documentos y adopta otras disposiciones para el desarrollo del comercio electr\u00f3nico\u201d.<\/p>\n<p>Finalmente, se ha puesto en marcha el Programa \u201cTaller Capacitaci\u00f3n Firma Electr\u00f3nica y Almacenamiento Tecnol\u00f3gico de Documentos en Panam\u00e1, su reglamentaci\u00f3n y sus beneficios\u201d, que inici\u00f3 en marzo 2023 con la Asociaci\u00f3n Bancaria de Panam\u00e1 (ABP) y recientemente en mayo se dio con los miembros de la C\u00e1mara de Comercio Agricultura e Industrias de Panam\u00e1, para el mes de julio continuar\u00e1 con el gremio de la Superintendencia de Seguros y Reaseguros, otro importante sector econ\u00f3mico del pa\u00eds.<\/p>\n<p>Como Direcci\u00f3n General de Comercio Electr\u00f3nico, es nuestro objetivo seguir apoyando a los emprendedores y a las empresas paname\u00f1as a que sigan aumentando su nivel de competitividad, brind\u00e1ndoles las herramientas necesarias para un futuro crecimiento, y esto es precisamente lo que se busca a trav\u00e9s de todos nuestros proyectos.<\/p>\n<p>Seguiremos comprometidos a desarrollar los instrumentos necesarios para establecer unas bases s\u00f3lidas para el comercio electr\u00f3nico, las cuales permitir\u00e1n el crecimiento sostenible del mismo en Panam\u00e1 y nos posicionar\u00e1 en la regi\u00f3n.<\/p>\n<article id=\"post-8820\" class=\"tk-theme-box post-8820 post type-post status-publish format-standard has-post-thumbnail hentry category-actualidad category-inversiones tag-inversiones-sem-alcanzan-los-13-5-millones-en-los-primeros-5-meses-de-2023\">\n<div class=\"expertio-entry-content\">\n<p>Fuente: Ministerio de Comercio e Industrias Panam\u00e1<\/p>\n<\/div>\n<\/article>\n","protected":false},"excerpt":{"rendered":"<p>Con el prop\u00f3sito de aumentar la competitividad de las micro, peque\u00f1as y medianas empresas paname\u00f1as, a trav\u00e9s de la capacitaci\u00f3n y desarrollo<\/p>\n","protected":false},"author":1,"featured_media":8834,"comment_status":"open","ping_status":"open","sticky":false,"template":"","format":"standard","meta":{"footnotes":""},"categories":[128,126],"tags":[135,134,133],"class_list":["post-8833","post","type-post","status-publish","format-standard","has-post-thumbnail","hentry","category-actualidad","category-negocios","tag-artesano-digital","tag-emprendedor-digital","tag-fortaleciendo-la-competitividad-de-las-mipymes"],"_links":{"self":[{"href":"https:\/\/www.inversionesynegociosconecta.com\/conecta\/wp-json\/wp\/v2\/posts\/8833","targetHints":{"allow":["GET"]}}],"collection":[{"href":"https:\/\/www.inversionesynegociosconecta.com\/conecta\/wp-json\/wp\/v2\/posts"}],"about":[{"href":"https:\/\/www.inversionesynegociosconecta.com\/conecta\/wp-json\/wp\/v2\/types\/post"}],"author":[{"embeddable":true,"href":"https:\/\/www.inversionesynegociosconecta.com\/conecta\/wp-json\/wp\/v2\/users\/1"}],"replies":[{"embeddable":true,"href":"https:\/\/www.inversionesynegociosconecta.com\/conecta\/wp-json\/wp\/v2\/comments?post=8833"}],"version-history":[{"count":1,"href":"https:\/\/www.inversionesynegociosconecta.com\/conecta\/wp-json\/wp\/v2\/posts\/8833\/revisions"}],"predecessor-version":[{"id":8835,"href":"https:\/\/www.inversionesynegociosconecta.com\/conecta\/wp-json\/wp\/v2\/posts\/8833\/revisions\/8835"}],"wp:featuredmedia":[{"embeddable":true,"href":"https:\/\/www.inversionesynegociosconecta.com\/conecta\/wp-json\/wp\/v2\/media\/8834"}],"wp:attachment":[{"href":"https:\/\/www.inversionesynegociosconecta.com\/conecta\/wp-json\/wp\/v2\/media?parent=8833"}],"wp:term":[{"taxonomy":"category","embeddable":true,"href":"https:\/\/www.inversionesynegociosconecta.com\/conecta\/wp-json\/wp\/v2\/categories?post=8833"},{"taxonomy":"post_tag","embeddable":true,"href":"https:\/\/www.inversionesynegociosconecta.com\/conecta\/wp-json\/wp\/v2\/tags?post=8833"}],"curies":[{"name":"wp","href":"https:\/\/api.w.org\/{rel}","templated":true}]}}