{"id":8823,"date":"2023-05-14T21:46:02","date_gmt":"2023-05-14T21:46:02","guid":{"rendered":"https:\/\/www.inversionesynegociosconecta.com\/conecta\/?p=8823"},"modified":"2023-05-14T21:46:02","modified_gmt":"2023-05-14T21:46:02","slug":"presentan-avances-del-pais-en-atraccion-de-inversiones-sostenibles-en-step-caribbean-2023","status":"publish","type":"post","link":"https:\/\/www.inversionesynegociosconecta.com\/conecta\/presentan-avances-del-pais-en-atraccion-de-inversiones-sostenibles-en-step-caribbean-2023\/","title":{"rendered":"Presentan avances del pa\u00eds en atracci\u00f3n de inversiones sostenibles en STEP Caribbean 2023"},"content":{"rendered":"<p>El ministro de Comercio e Industrias, Federico Alfaro Boyd particip\u00f3 de la inauguraci\u00f3n del STEP Caribbean Conference 2023, cuya realizaci\u00f3n refuerza el liderazgo de Panam\u00e1 como el epicentro del comercio regional y las inversiones sostenibles.<\/p>\n<p>\u201cPanam\u00e1 es un pa\u00eds que cree en desarrollar y fomentar una mentalidad emprendedora dentro de las organizaciones existentes para promover la innovaci\u00f3n y la creaci\u00f3n de valor desde adentro. Como pa\u00eds, siempre hemos estado a la vanguardia para aceptar el cambio y adaptarnos a las necesidades de los tiempos\u201d, manifest\u00f3 el titular de Comercio e Industrias ante delegados de la Conferencia y representantes del sector p\u00fablico y privado que se encontraban presentes.<\/p>\n<p>Agreg\u00f3 que esta conferencia contribuye a promover la innovaci\u00f3n e inversi\u00f3n responsable, adem\u00e1s de construir y desarrollar una mentalidad emprendedora dentro de organizaciones existentes.<\/p>\n<p>\u201cSomos un pa\u00eds que abraza la innovaci\u00f3n y el cambio y siempre ha sido un centro de comercio, migraci\u00f3n y biodiversidad. La Conferencia STEP Caribbean 2023 ofrece una ocasi\u00f3n \u00fanica para que los profesionales aprendan y compartan sus conocimientos y mejores pr\u00e1cticas\u201d, puntualiz\u00f3.<\/p>\n<article id=\"post-8820\" class=\"tk-theme-box post-8820 post type-post status-publish format-standard has-post-thumbnail hentry category-actualidad category-inversiones tag-inversiones-sem-alcanzan-los-13-5-millones-en-los-primeros-5-meses-de-2023\">\n<div class=\"expertio-entry-content\">\n<p>Fuente: Ministerio de Comercio e Industrias Panam\u00e1<\/p>\n<\/div>\n<\/article>\n<div class=\"tk-theme-box\"><\/div>\n","protected":false},"excerpt":{"rendered":"<p>El ministro de Comercio e Industrias, Federico Alfaro Boyd particip\u00f3 de la inauguraci\u00f3n del STEP Caribbean Conference 2023, cuya realizaci\u00f3n refuerza el<\/p>\n","protected":false},"author":1,"featured_media":8831,"comment_status":"open","ping_status":"open","sticky":false,"template":"","format":"standard","meta":{"footnotes":""},"categories":[128,125,126],"tags":[132],"class_list":["post-8823","post","type-post","status-publish","format-standard","has-post-thumbnail","hentry","category-actualidad","category-inversiones","category-negocios","tag-step-caribbean-2023"],"_links":{"self":[{"href":"https:\/\/www.inversionesynegociosconecta.com\/conecta\/wp-json\/wp\/v2\/posts\/8823","targetHints":{"allow":["GET"]}}],"collection":[{"href":"https:\/\/www.inversionesynegociosconecta.com\/conecta\/wp-json\/wp\/v2\/posts"}],"about":[{"href":"https:\/\/www.inversionesynegociosconecta.com\/conecta\/wp-json\/wp\/v2\/types\/post"}],"author":[{"embeddable":true,"href":"https:\/\/www.inversionesynegociosconecta.com\/conecta\/wp-json\/wp\/v2\/users\/1"}],"replies":[{"embeddable":true,"href":"https:\/\/www.inversionesynegociosconecta.com\/conecta\/wp-json\/wp\/v2\/comments?post=8823"}],"version-history":[{"count":1,"href":"https:\/\/www.inversionesynegociosconecta.com\/conecta\/wp-json\/wp\/v2\/posts\/8823\/revisions"}],"predecessor-version":[{"id":8832,"href":"https:\/\/www.inversionesynegociosconecta.com\/conecta\/wp-json\/wp\/v2\/posts\/8823\/revisions\/8832"}],"wp:featuredmedia":[{"embeddable":true,"href":"https:\/\/www.inversionesynegociosconecta.com\/conecta\/wp-json\/wp\/v2\/media\/8831"}],"wp:attachment":[{"href":"https:\/\/www.inversionesynegociosconecta.com\/conecta\/wp-json\/wp\/v2\/media?parent=8823"}],"wp:term":[{"taxonomy":"category","embeddable":true,"href":"https:\/\/www.inversionesynegociosconecta.com\/conecta\/wp-json\/wp\/v2\/categories?post=8823"},{"taxonomy":"post_tag","embeddable":true,"href":"https:\/\/www.inversionesynegociosconecta.com\/conecta\/wp-json\/wp\/v2\/tags?post=8823"}],"curies":[{"name":"wp","href":"https:\/\/api.w.org\/{rel}","templated":true}]}}